{"id":603,"date":"2017-05-20T18:40:08","date_gmt":"2017-05-20T16:40:08","guid":{"rendered":"http:\/\/naussacfontanes.fr\/?p=603"},"modified":"2017-05-20T18:40:08","modified_gmt":"2017-05-20T16:40:08","slug":"la-grange-de-pradelou","status":"publish","type":"post","link":"https:\/\/naussacfontanes.fr\/index.php\/2017\/05\/20\/la-grange-de-pradelou\/","title":{"rendered":"La grange de Prad\u00e9lou"},"content":{"rendered":"<p>Au c\u0153ur du village de Fontanes, Laurence et sa famille vous accueillent dans un ancien corps de ferme restaur\u00e9 en chambres d\u2019h\u00f4tes.<\/p>\n<p>Trois chambres au style rustique montagnard, alliant la pierre et le bois\u00a0;<\/p>\n<p>une grande table pour partager petit d\u00e9jeuners et repas du soir\u00a0;<\/p>\n<p>des produits essentiellement locaux, de la ferme, ou du jardin\u00a0;<\/p>\n<p>des activit\u00e9s sportives et de plein air \u00e0 proximit\u00e9\u00a0;<\/p>\n<p>le tout dans un cadre naturel magnifique entre grand Lac de Naussac et gorges de l&rsquo;Allier.<\/p>\n<p>&nbsp;<\/p>\n<p>Vous \u00eates tent\u00e9s\u00a0? Contactez nous.<\/p>\n<p>&nbsp;<\/p>\n<p>La grange de Prad\u00e9lou &#8211;\u00a0 Chambre d\u2019h\u00f4tes, Fontanes 48300 Naussac- Fontanes<\/p>\n<p>Tel\u00a0: 04.66.69.20.89\u00a0\u00a0\u00a0\u00a0 Port\u00a0: 06.03.18.54.29<\/p>\n<p>site internet\u00a0: <a href=\"http:\/\/www.lagrangedepradelou.fr\/\">www.lagrangedepradelou.fr<\/a>\u00a0\u00a0 mail\u00a0: resa@lagrangedepradelou.fr<\/p>\n","protected":false},"excerpt":{"rendered":"<p>Au c\u0153ur du village de Fontanes, Laurence et sa famille vous accueillent dans un ancien corps de ferme restaur\u00e9 en chambres d\u2019h\u00f4tes. Trois chambres au style rustique montagnard, alliant la pierre et le bois\u00a0; une grande table pour partager petit d\u00e9jeuners et repas du soir\u00a0; des produits essentiellement locaux, de la ferme, ou du jardin\u00a0; [&hellip;]<\/p>\n","protected":false},"author":2,"featured_media":0,"comment_status":"closed","ping_status":"open","sticky":false,"template":"","format":"standard","meta":{"footnotes":""},"categories":[17],"tags":[],"_links":{"self":[{"href":"https:\/\/naussacfontanes.fr\/index.php\/wp-json\/wp\/v2\/posts\/603"}],"collection":[{"href":"https:\/\/naussacfontanes.fr\/index.php\/wp-json\/wp\/v2\/posts"}],"about":[{"href":"https:\/\/naussacfontanes.fr\/index.php\/wp-json\/wp\/v2\/types\/post"}],"author":[{"embeddable":true,"href":"https:\/\/naussacfontanes.fr\/index.php\/wp-json\/wp\/v2\/users\/2"}],"replies":[{"embeddable":true,"href":"https:\/\/naussacfontanes.fr\/index.php\/wp-json\/wp\/v2\/comments?post=603"}],"version-history":[{"count":1,"href":"https:\/\/naussacfontanes.fr\/index.php\/wp-json\/wp\/v2\/posts\/603\/revisions"}],"predecessor-version":[{"id":604,"href":"https:\/\/naussacfontanes.fr\/index.php\/wp-json\/wp\/v2\/posts\/603\/revisions\/604"}],"wp:attachment":[{"href":"https:\/\/naussacfontanes.fr\/index.php\/wp-json\/wp\/v2\/media?parent=603"}],"wp:term":[{"taxonomy":"category","embeddable":true,"href":"https:\/\/naussacfontanes.fr\/index.php\/wp-json\/wp\/v2\/categories?post=603"},{"taxonomy":"post_tag","embeddable":true,"href":"https:\/\/naussacfontanes.fr\/index.php\/wp-json\/wp\/v2\/tags?post=603"}],"curies":[{"name":"wp","href":"https:\/\/api.w.org\/{rel}","templated":true}]}}