{"id":1591,"date":"2022-09-09T08:41:42","date_gmt":"2022-09-09T06:41:42","guid":{"rendered":"http:\/\/naussacfontanes.fr\/?p=1591"},"modified":"2022-09-09T11:02:56","modified_gmt":"2022-09-09T09:02:56","slug":"inauguration-du-parcours-historique-de-naussac","status":"publish","type":"post","link":"https:\/\/naussacfontanes.fr\/index.php\/2022\/09\/09\/inauguration-du-parcours-historique-de-naussac\/","title":{"rendered":"Inauguration du parcours historique de Naussac"},"content":{"rendered":"<p>L&rsquo;inauguration du parcours historique de Naussac a eu lieu le Dimanche 24 Juillet 2022. Ci joint le discours:<\/p>\n<p>La commune de Naussac-Fontanes est une commune nouvelle issue de la Fusion des communes historiques de Naussac et de Fontanes. Cette fusion est effective depuis le 01 Janvier 2016. Nous avons voulu unanimement conserver \u00ab Naussac\u00a0\u00bb dans le nouveau patronyme pour ne pas oublier que Naussac est une commune dont l\u2019histoire singuli\u00e8re est \u00e0 la fois douloureuse et porteuse d\u2019espoir.<\/p>\n<p>Depuis de nombreuses ann\u00e9es les diff\u00e9rents conseils municipaux ont souhait\u00e9 retracer cette histoire pour permettre de positiver une transition. Cette transition a \u00e9t\u00e9 envisag\u00e9e remplie de projets \u00e0 forte vocation touristique ou urbanistiques, consid\u00e9rant le n\u00e9cessaire respect de la transition \u00e9cologique et de l\u2019environnement paysager.<\/p>\n<p>Pour marquer ce passage et tous les changements apport\u00e9s par la construction et la mise en eau du barrage r\u00e9servoir, le conseil municipal \u00e0 imaginer \u00ab\u00a0graver dans le marbre\u00a0\u00bb l\u2019histoire de la vall\u00e9e de Naussac en faisant cheminer les nombreux promeneurs autour de l\u2019\u00e9l\u00e9ment central qu\u2019est le lac.<\/p>\n<p>De cette id\u00e9e est n\u00e9e le \u00ab\u00a0Parcours historique\u00a0\u00bb qui va \u00eatre inaugur\u00e9 aujourd\u2019hui malgr\u00e9 une fin des travaux en 2021, crise sanitaire oblige nous avons d\u00fb reporter deux fois cette \u00e9tape importante. Je souhaite publiquement rendre hommage aux personnes qui se sont beaucoup investies dans sa conception et sa r\u00e9alisation. Il s\u2019agit en particulier d\u2019Alain Gaillard, Daniel Bacon et Daniel Cellarier, membres du conseil municipal et d\u2019Elisabeth Coutarel notre secr\u00e9taire de Mairie, qui ont beaucoup \u0153uvr\u00e9s pour r\u00e9aliser un travail de recherche documentaire et de mise en forme. Ce travail a r\u00e9ellement d\u00e9but\u00e9 avec l\u2019accueil d\u2019un stagiaire, Teddy, enfant de la commune qui a fait de cette id\u00e9e le sujet central de son travail.<\/p>\n<p>Ce parcours veut retracer l\u2019histoire du village de Naussac et des villages qui l\u2019entouraient d\u00e9molis et reconstruits au moment de la r\u00e9alisation du barrage r\u00e9servoir. Le parcours th\u00e9matique permet que cette vall\u00e9e disparue sous les eaux, ses villages, mas, hameaux, ainsi que son patrimoine, les personnages qui ont marqu\u00e9 son histoire, mais aussi ses combats lors de la construction du barrage, ne soient pas oubli\u00e9es. 40 ans ont \u00e9t\u00e9 n\u00e9cessaires pour permettre aux anciens habitants de panser leurs plaies. De nombreux livres, films, documentaires, articles de presse sont parus ayant pour th\u00e9matique le d\u00e9placement forc\u00e9 des habitants et le traumatisme engendr\u00e9. Je peux annoncer aujourd\u2019hui, puisque nous l\u2019avons vot\u00e9 en commission permanente du conseil d\u00e9partemental ce Vendredi 22 Juillet, que les archives d\u00e9partementales vont cr\u00e9er et conserver une base documentaire consultable et accessible \u00e0 tous.<\/p>\n<p>Le parcours historique est install\u00e9 sur le domaine public (entr\u00e9e du village, narthex de l\u2019\u00e9glise, rues, places, aire de jeux, Site de la Tour \u2026.), je vous inviterais \u00e0 cheminer pour le d\u00e9couvrir \u00e0 la fin de cette inauguration. Il comprend des pupitres et panneaux avec textes et photos retra\u00e7ant l\u2019historique de la vall\u00e9e engloutie. Le parcours se termine par une table d\u2019orientation dispos\u00e9e au c\u0153ur du village sur un site qui domine le barrage. Cette table comporte une carte o\u00f9 sont positionn\u00e9s le barrage, l\u2019ancien village de Naussac, l\u2019ensemble des hameaux et mas noy\u00e9s. Les supports sont r\u00e9alis\u00e9s en bois et en fer, les photos et textes en inclusion par vitrification.<\/p>\n<p>Il comporte :<\/p>\n<p>&#8211;\u00a0\u00a0\u00a0\u00a0\u00a0\u00a0\u00a0\u00a0\u00a0 Plusieurs pupitres install\u00e9s dans le narthex de l\u2019\u00e9glise<\/p>\n<p>&#8211;\u00a0\u00a0\u00a0\u00a0\u00a0\u00a0\u00a0\u00a0\u00a0 Plusieurs panneaux install\u00e9s dans le village<\/p>\n<p>&#8211;\u00a0\u00a0\u00a0\u00a0\u00a0\u00a0\u00a0\u00a0\u00a0 1 table d\u2019orientation<\/p>\n<p>&#8211;\u00a0\u00a0\u00a0\u00a0\u00a0\u00a0\u00a0\u00a0\u00a0 Un fl\u00e9chage directionnel<\/p>\n<p>Cette trace de l\u2019histoire de la vall\u00e9e engloutie doit permettre aux visiteurs de comprendre cet \u00e9v\u00e8nement historique initialement douloureux pour les habitants de la vall\u00e9e, il pourra servir de support \u00e0 des animations par les enseignants, animateurs, guides de pays. Il est en acc\u00e8s permanent, ouvert \u00e0 tout public et gratuit. Il vient compl\u00e9ter l\u2019offre touristique existante et le cheminement du tour du lac. Facile d\u2019acc\u00e8s y compris pour les personnes \u00e0 mobilit\u00e9 r\u00e9duite il permet de cheminer au sein du \u00ab\u00a0nouveau\u00a0\u00bb village de Naussac. J\u2019emploie le terme \u00ab\u00a0nouveau\u00a0\u00bb car pour les anciens, le village originel de Naussac dort en quelque part sous les eaux du lac.<\/p>\n<p>Ce projet d\u2019un co\u00fbt total de 68060 \u20ac Hors Taxes a \u00e9t\u00e9 financ\u00e9 par le conseil d\u00e9partemental \u00e0 hauteur de 17854 \u20ac, la R\u00e9gion Occitanie \u00e0 hauteur de 17854 \u20ac et le programme leader \u00e0 hauteur de 18055 \u20ac, le reste \u00e9tant l\u2019auto-financement de la commune. Merci \u00e0 l\u2019ensemble des financeurs sans qui cette op\u00e9ration n\u2019aurait pu \u00eatre r\u00e9alis\u00e9e.<\/p>\n<p>Je souhaite remercier \u00e9galement les entreprises qui ont r\u00e9alis\u00e9 les diff\u00e9rents \u00e9l\u00e9ments de ce parcours, \u00e0 savoir\u00a0:<\/p>\n<ul>\n<li>La Soci\u00e9t\u00e9 Pic Bois pour les Panneaux, pupitres et le fl\u00e9chage,<\/li>\n<li>L\u2019entreprise \u00ab\u00a0Jardins et Paysages\u00a0\u00bb pour leur implantations,<\/li>\n<li>Mme LAPOUGE Marie-No\u00eblle pour la r\u00e9alisation de la table de lecture,<\/li>\n<li>La SARL Maisons et Jardins GAILLARD pour les travaux de ma\u00e7onnerie,<\/li>\n<li>Serge GAILLARD pour la r\u00e9alisation Supports et barri\u00e8res,<\/li>\n<li>Lhermet Menuiseries pour les travaux de fermeture du narthex de l\u2019\u00e9glise.<\/li>\n<\/ul>\n<p>&nbsp;<\/p>\n<p>Les g\u00e9ologues attestent que la vall\u00e9e de Naussac \u00e9tait d\u00e9j\u00e0 un site lacustre au temps des dinosaures. Elle a toujours form\u00e9 une immense cuvette propice \u00e0 des projets de r\u00e9tention d\u2019eau. Depuis l\u2019Antiquit\u00e9 ce bassin \u00e0 fond plat fournissait de riches terres agricoles. Au d\u00e9but du XIX\u00b0si\u00e8cle la vall\u00e9e est connue comme le grenier \u00e0 seigle du Nord-Est de la Loz\u00e8re. D\u00e8s 1943 elle fait parler d\u2019elle en raison d\u2019un gigantesque projet de barrage \u00e9lectrique.<\/p>\n<p>&nbsp;<\/p>\n<p>Je laisse la parole \u00e0 Alain Gaillard, Maire d\u00e9l\u00e9gu\u00e9 qui va nous retracer l\u2019histoire de la vall\u00e9e et des op\u00e9rations de r\u00e9alisation du barrage r\u00e9servoir.<\/p>\n<p>&nbsp;<\/p>\n<p><strong><u>L\u2019histoire des villages et de la vall\u00e9e de Naussac<\/u><\/strong><\/p>\n<p>&nbsp;<\/p>\n<p>D\u00e9j\u00e0 dans les ann\u00e9es 1940 \u00e0 1945 la vall\u00e9e de Naussac commence \u00e0 faire parler d\u2019elle puisque les fr\u00e8res Vincent concoctent un projet de barrage gigantesque nomm\u00e9 ENYTRACK cinq fois plus grand que le lac d\u2019Annecy qui envisager de noyer la ville de Langogne sous 150 m\u00e8tres d\u2019eau. Ce projet situ\u00e9 dans la vall\u00e9e de l\u2019Allier pr\u00e8s du Village de Fontanes \u00e0 vocation de production \u00e9lectrique \u00e9tait cens\u00e9 produire dix milliards de Kilowatts par an.<\/p>\n<p>Par la suite en 1952 une enqu\u00eate pr\u00e9alable \u00e0 d\u00e9claration d\u2019utilit\u00e9 publique est r\u00e9alis\u00e9e par EDF pour la r\u00e9alisation d\u2019un barrage dans la vall\u00e9e de Naussac permettant d\u2019approvisionner le futur barrage de Montpezat qui devait d\u00e9vier l\u2019Allier et la partie haute de la Loire vers le Rh\u00f4ne. Une immense cr\u00e9ation de galerie devait relier ces deux projets. Ce deuxi\u00e8me projet est par la suite ajourn\u00e9 et ne verra jamais le jour.<\/p>\n<p>Malgr\u00e9 ces deux \u00e9checs le sort de la vall\u00e9e de Naussac est scell\u00e9 puisque quelques ann\u00e9es plus tard, dans les ann\u00e9es 1960, un projet de barrage voit \u00e0 nouveau le jour, plus modeste celui-l\u00e0. Il deviendra bient\u00f4t n\u00e9cessaire pour assurer un d\u00e9bit minimum \u00e0 l\u2019Allier et \u00e0 la Loire pour assurer l\u2019irrigation des espaces agricoles tels que la Limagne et aussi et surtout refroidir les centrales nucl\u00e9aires.<\/p>\n<p>C\u2019est dans les ann\u00e9es 1970 que le projet se concr\u00e9tisera puisqu\u2019un accord interminist\u00e9riel d\u00e9cide de cr\u00e9er un barrage r\u00e9servoir \u00e0 Naussac et confie le projet \u00e0 la soci\u00e9t\u00e9 SOMIVAL (Soci\u00e9t\u00e9 pour la mise en valeur Auvergne Limousin) bas\u00e9e \u00e0 Clermont-Ferrand. L\u2019utilit\u00e9 publique est d\u00e9cr\u00e9t\u00e9e le 6 f\u00e9vrier 1976 et les travaux commencent au printemps 1977. La mise en eau aura lieu en septembre 1980.<\/p>\n<p>Pendant les travaux du barrage, la reconstruction du village de Naussac a eu lieu entre 1978 et 1980 et c\u2019est dans ce nouveau village que seront relog\u00e9s pour ceux qui le souhaitent, les habitants de la vall\u00e9e engloutie qui comprenait\u00a0:<\/p>\n<ul>\n<li>Le village de Naussac<\/li>\n<li>3 hameaux sur la commune de Naussac\u00a0: R\u00e9als\u00a0; M\u00e9jasolle et la Rougeyre.<\/li>\n<li>1 village sur la commune de Langogne\u00a0: La Ponteyre.<\/li>\n<li>3 Mas sur la commune de Langogne (Malpertus\u00a0; Surg\u00e8res et la Gazelle).<\/li>\n<\/ul>\n<p>Un article de presse intitul\u00e9 \u00ab\u00a0Naussac, ann\u00e9e z\u00e9ro\u00a0\u00bb r\u00e9sumait ainsi la situation des habitants de la vall\u00e9e\u00a0:<\/p>\n<p>\u00ab Des maisons toutes neuves et un confort qu\u2019ils n\u2019avaient jamais connu, les habitants de Naussac, village vou\u00e9 \u00e0 la noyade pour raison d\u2019\u00e9nergie, r\u00e9apprennent \u00e0 vivre dans un nouveau d\u00e9cor, comme des exil\u00e9s.<\/p>\n<p>Qu\u2019importe si, depuis des si\u00e8cles ces ruraux, dont les anc\u00eatres avaient jet\u00e9 l\u2019ancre dans la vall\u00e9e, entre Langogne et Auroux, vivaient heureux sur leurs terres. La construction d\u2019un barrage les en a chass\u00e9, mais, d\u00e9licate attention, on les a fait am\u00e9nager dans un village tout neuf \u00bb Le journaliste termine l\u2019article en posant la question des cons\u00e9quences humaines\u00a0?<\/p>\n<p>Les plaies pour les habitants de l\u2019\u00e9poque sont rest\u00e9es ouvertes. Aujourd\u2019hui la beaut\u00e9 de l\u2019environnement ne doit pas faire oublier ces moments d\u2019histoires personnelles dramatiques.<\/p>\n<p>&nbsp;<\/p>\n<p>Plusieurs manifestations, rassemblements, actes divers de sabotage ainsi que la d\u00e9mission de l\u2019ensemble des conseils municipaux des communes concern\u00e9es par cette implantation ont eu lieu pour s\u2019opposer \u00e0 la r\u00e9alisation du barrage. Aucune de ces actions n\u2019ont permis de revenir sur la d\u00e9cision prise.<\/p>\n<p>&nbsp;<\/p>\n<p>La surface du barrage est l\u00e9g\u00e8rement inf\u00e9rieure \u00e0 1000 hectares quand il atteint sa c\u00f4te maximale ; sa plus grande profondeur est d\u2019environ 45 m\u00a0; la quantit\u00e9 d&rsquo;eau stock\u00e9e est d&rsquo;environ 190 millions de m3. Il subit des marnages importants en fonction du soutien des \u00e9tiages de l\u2019Allier et de la Loire. Pour son remplissage, qui ne pouvait \u00eatre assur\u00e9 totalement par le petit ruisseau du Donozeau sur lequel le barrage est \u00e9rig\u00e9, ont \u00e9t\u00e9 r\u00e9alis\u00e9s un tunnel qui d\u00e9vie une partie des eaux de la rivi\u00e8re Chapeauroux par une petite retenue en amont du village d&rsquo;Auroux et un pompage des eaux de l\u2019Allier par un tunnel qui am\u00e8ne l\u2019eau au pied du barrage (Naussac 2). Ces pompes assurent le remplissage et deviennent turbines pour produire de l\u2019\u00e9lectricit\u00e9 pendant les vidanges.<\/p>\n<div id='gallery-1' class='gallery galleryid-1591 gallery-columns-3 gallery-size-thumbnail'><dl class='gallery-item'>\n\t\t\t<dt class='gallery-icon portrait'>\n\t\t\t\t<a href='https:\/\/naussacfontanes.fr\/index.php\/2022\/09\/09\/inauguration-du-parcours-historique-de-naussac\/aotg8722\/'><img loading=\"lazy\" decoding=\"async\" width=\"150\" height=\"150\" src=\"https:\/\/naussacfontanes.fr\/wp-content\/uploads\/2022\/09\/AOTG8722-150x150.jpg\" class=\"attachment-thumbnail size-thumbnail\" alt=\"\" \/><\/a>\n\t\t\t<\/dt><\/dl><dl class='gallery-item'>\n\t\t\t<dt class='gallery-icon landscape'>\n\t\t\t\t<a href='https:\/\/naussacfontanes.fr\/index.php\/2022\/09\/09\/inauguration-du-parcours-historique-de-naussac\/aqyt2484\/'><img loading=\"lazy\" decoding=\"async\" width=\"150\" height=\"150\" src=\"https:\/\/naussacfontanes.fr\/wp-content\/uploads\/2022\/09\/AQYT2484-150x150.jpg\" class=\"attachment-thumbnail size-thumbnail\" alt=\"\" \/><\/a>\n\t\t\t<\/dt><\/dl><dl class='gallery-item'>\n\t\t\t<dt class='gallery-icon landscape'>\n\t\t\t\t<a href='https:\/\/naussacfontanes.fr\/index.php\/2022\/09\/09\/inauguration-du-parcours-historique-de-naussac\/bfvm6628\/'><img loading=\"lazy\" decoding=\"async\" width=\"150\" height=\"150\" src=\"https:\/\/naussacfontanes.fr\/wp-content\/uploads\/2022\/09\/BFVM6628-150x150.jpg\" class=\"attachment-thumbnail size-thumbnail\" alt=\"\" \/><\/a>\n\t\t\t<\/dt><\/dl><br style=\"clear: both\" \/><dl class='gallery-item'>\n\t\t\t<dt class='gallery-icon landscape'>\n\t\t\t\t<a href='https:\/\/naussacfontanes.fr\/index.php\/2022\/09\/09\/inauguration-du-parcours-historique-de-naussac\/exmz7283\/'><img loading=\"lazy\" decoding=\"async\" width=\"150\" height=\"150\" src=\"https:\/\/naussacfontanes.fr\/wp-content\/uploads\/2022\/09\/EXMZ7283-150x150.jpg\" class=\"attachment-thumbnail size-thumbnail\" alt=\"\" \/><\/a>\n\t\t\t<\/dt><\/dl><dl class='gallery-item'>\n\t\t\t<dt class='gallery-icon portrait'>\n\t\t\t\t<a href='https:\/\/naussacfontanes.fr\/index.php\/2022\/09\/09\/inauguration-du-parcours-historique-de-naussac\/img_3846\/'><img loading=\"lazy\" decoding=\"async\" width=\"150\" height=\"150\" src=\"https:\/\/naussacfontanes.fr\/wp-content\/uploads\/2022\/09\/IMG_3846-150x150.jpg\" class=\"attachment-thumbnail size-thumbnail\" alt=\"\" \/><\/a>\n\t\t\t<\/dt><\/dl><dl class='gallery-item'>\n\t\t\t<dt class='gallery-icon portrait'>\n\t\t\t\t<a href='https:\/\/naussacfontanes.fr\/index.php\/2022\/09\/09\/inauguration-du-parcours-historique-de-naussac\/img_3847\/'><img loading=\"lazy\" decoding=\"async\" width=\"150\" height=\"150\" src=\"https:\/\/naussacfontanes.fr\/wp-content\/uploads\/2022\/09\/IMG_3847-150x150.jpg\" class=\"attachment-thumbnail size-thumbnail\" alt=\"\" \/><\/a>\n\t\t\t<\/dt><\/dl><br style=\"clear: both\" \/><dl class='gallery-item'>\n\t\t\t<dt class='gallery-icon portrait'>\n\t\t\t\t<a href='https:\/\/naussacfontanes.fr\/index.php\/2022\/09\/09\/inauguration-du-parcours-historique-de-naussac\/img_3848\/'><img loading=\"lazy\" decoding=\"async\" width=\"150\" height=\"150\" src=\"https:\/\/naussacfontanes.fr\/wp-content\/uploads\/2022\/09\/IMG_3848-150x150.jpg\" class=\"attachment-thumbnail size-thumbnail\" alt=\"\" \/><\/a>\n\t\t\t<\/dt><\/dl><dl class='gallery-item'>\n\t\t\t<dt class='gallery-icon portrait'>\n\t\t\t\t<a href='https:\/\/naussacfontanes.fr\/index.php\/2022\/09\/09\/inauguration-du-parcours-historique-de-naussac\/img_3850\/'><img loading=\"lazy\" decoding=\"async\" width=\"150\" height=\"150\" src=\"https:\/\/naussacfontanes.fr\/wp-content\/uploads\/2022\/09\/IMG_3850-150x150.jpg\" class=\"attachment-thumbnail size-thumbnail\" alt=\"\" \/><\/a>\n\t\t\t<\/dt><\/dl><dl class='gallery-item'>\n\t\t\t<dt class='gallery-icon landscape'>\n\t\t\t\t<a href='https:\/\/naussacfontanes.fr\/index.php\/2022\/09\/09\/inauguration-du-parcours-historique-de-naussac\/img_3854\/'><img loading=\"lazy\" decoding=\"async\" width=\"150\" height=\"150\" src=\"https:\/\/naussacfontanes.fr\/wp-content\/uploads\/2022\/09\/IMG_3854-150x150.jpg\" class=\"attachment-thumbnail size-thumbnail\" alt=\"\" \/><\/a>\n\t\t\t<\/dt><\/dl><br style=\"clear: both\" \/>\n\t\t<\/div>\n\n","protected":false},"excerpt":{"rendered":"<p>L&rsquo;inauguration du parcours historique de Naussac a eu lieu le Dimanche 24 Juillet 2022. Ci joint le discours: La commune de Naussac-Fontanes est une commune nouvelle issue de la Fusion des communes historiques de Naussac et de Fontanes. Cette fusion est effective depuis le 01 Janvier 2016. Nous avons voulu unanimement conserver \u00ab Naussac\u00a0\u00bb dans [&hellip;]<\/p>\n","protected":false},"author":1,"featured_media":0,"comment_status":"closed","ping_status":"open","sticky":false,"template":"","format":"standard","meta":{"footnotes":""},"categories":[20],"tags":[],"_links":{"self":[{"href":"https:\/\/naussacfontanes.fr\/index.php\/wp-json\/wp\/v2\/posts\/1591"}],"collection":[{"href":"https:\/\/naussacfontanes.fr\/index.php\/wp-json\/wp\/v2\/posts"}],"about":[{"href":"https:\/\/naussacfontanes.fr\/index.php\/wp-json\/wp\/v2\/types\/post"}],"author":[{"embeddable":true,"href":"https:\/\/naussacfontanes.fr\/index.php\/wp-json\/wp\/v2\/users\/1"}],"replies":[{"embeddable":true,"href":"https:\/\/naussacfontanes.fr\/index.php\/wp-json\/wp\/v2\/comments?post=1591"}],"version-history":[{"count":1,"href":"https:\/\/naussacfontanes.fr\/index.php\/wp-json\/wp\/v2\/posts\/1591\/revisions"}],"predecessor-version":[{"id":1603,"href":"https:\/\/naussacfontanes.fr\/index.php\/wp-json\/wp\/v2\/posts\/1591\/revisions\/1603"}],"wp:attachment":[{"href":"https:\/\/naussacfontanes.fr\/index.php\/wp-json\/wp\/v2\/media?parent=1591"}],"wp:term":[{"taxonomy":"category","embeddable":true,"href":"https:\/\/naussacfontanes.fr\/index.php\/wp-json\/wp\/v2\/categories?post=1591"},{"taxonomy":"post_tag","embeddable":true,"href":"https:\/\/naussacfontanes.fr\/index.php\/wp-json\/wp\/v2\/tags?post=1591"}],"curies":[{"name":"wp","href":"https:\/\/api.w.org\/{rel}","templated":true}]}}