{"id":1509,"date":"2020-08-08T09:38:27","date_gmt":"2020-08-08T07:38:27","guid":{"rendered":"http:\/\/naussacfontanes.fr\/?p=1509"},"modified":"2020-08-08T09:38:27","modified_gmt":"2020-08-08T07:38:27","slug":"port-du-masque-obligatoire-sur-les-marches-de-lozere","status":"publish","type":"post","link":"https:\/\/naussacfontanes.fr\/index.php\/2020\/08\/08\/port-du-masque-obligatoire-sur-les-marches-de-lozere\/","title":{"rendered":"Port du Masque Obligatoire sur les March\u00e9s de Loz\u00e8re"},"content":{"rendered":"<p><a href=\"http:\/\/naussacfontanes.fr\/wp-content\/uploads\/2020\/08\/Arr\u00eat\u00e9-prefectoral-portant-obligation-du-port-du-masque-sur-les-march\u00e9s-du-07-Ao\u00fbt-2020.pdf\">Arr\u00eat\u00e9 prefectoral portant obligation du port du masque sur les march\u00e9s du 07 Ao\u00fbt 2020<\/a><\/p>\n","protected":false},"excerpt":{"rendered":"<p>Arr\u00eat\u00e9 prefectoral portant obligation du port du masque sur les march\u00e9s du 07 Ao\u00fbt 2020<\/p>\n","protected":false},"author":1,"featured_media":0,"comment_status":"closed","ping_status":"open","sticky":false,"template":"","format":"standard","meta":{"footnotes":""},"categories":[12],"tags":[],"_links":{"self":[{"href":"https:\/\/naussacfontanes.fr\/index.php\/wp-json\/wp\/v2\/posts\/1509"}],"collection":[{"href":"https:\/\/naussacfontanes.fr\/index.php\/wp-json\/wp\/v2\/posts"}],"about":[{"href":"https:\/\/naussacfontanes.fr\/index.php\/wp-json\/wp\/v2\/types\/post"}],"author":[{"embeddable":true,"href":"https:\/\/naussacfontanes.fr\/index.php\/wp-json\/wp\/v2\/users\/1"}],"replies":[{"embeddable":true,"href":"https:\/\/naussacfontanes.fr\/index.php\/wp-json\/wp\/v2\/comments?post=1509"}],"version-history":[{"count":1,"href":"https:\/\/naussacfontanes.fr\/index.php\/wp-json\/wp\/v2\/posts\/1509\/revisions"}],"predecessor-version":[{"id":1511,"href":"https:\/\/naussacfontanes.fr\/index.php\/wp-json\/wp\/v2\/posts\/1509\/revisions\/1511"}],"wp:attachment":[{"href":"https:\/\/naussacfontanes.fr\/index.php\/wp-json\/wp\/v2\/media?parent=1509"}],"wp:term":[{"taxonomy":"category","embeddable":true,"href":"https:\/\/naussacfontanes.fr\/index.php\/wp-json\/wp\/v2\/categories?post=1509"},{"taxonomy":"post_tag","embeddable":true,"href":"https:\/\/naussacfontanes.fr\/index.php\/wp-json\/wp\/v2\/tags?post=1509"}],"curies":[{"name":"wp","href":"https:\/\/api.w.org\/{rel}","templated":true}]}}