{"id":1251,"date":"2019-07-23T14:56:05","date_gmt":"2019-07-23T12:56:05","guid":{"rendered":"http:\/\/naussacfontanes.fr\/?p=1251"},"modified":"2019-07-23T14:59:08","modified_gmt":"2019-07-23T12:59:08","slug":"enquete-lancee-aupres-des-habitants-concernant-lextinction-de-leclairage-public-une-partie-de-la-nuit-2","status":"publish","type":"post","link":"https:\/\/naussacfontanes.fr\/index.php\/2019\/07\/23\/enquete-lancee-aupres-des-habitants-concernant-lextinction-de-leclairage-public-une-partie-de-la-nuit-2\/","title":{"rendered":"Enqu\u00eate lanc\u00e9e aupr\u00e8s des habitants concernant l&rsquo;extinction de l&rsquo;\u00e9clairage public une partie de la nuit"},"content":{"rendered":"<p><strong><u>Extinction de l\u2019\u00e9clairage public une partie de la nuit<\/u><\/strong><\/p>\n<p><strong><u>R\u00e9glementation \u00e9clairage public<\/u><\/strong><\/p>\n<p><strong><u>Arr\u00eat\u00e9 du minist\u00e9riel en date du 27 d\u00e9cembre 2018<\/u><\/strong><\/p>\n<p>Les programmes europ\u00e9ens incitent les collectivit\u00e9s \u00e0 ma\u00eetriser leurs consommations \u00e9nerg\u00e9tiques ainsi que l\u2019impact de leur activit\u00e9 sur la biodiversit\u00e9 et le ciel \u00e9toil\u00e9. C\u2019est dans ce contexte que le Minist\u00e8re de la Transition \u00e9cologique et solidaire a publi\u00e9, fin 2018, un nouvel arr\u00eat\u00e9 afin de limiter les nuisances lumineuses.<\/p>\n<p>Se substituant et compl\u00e9tant l\u2019arr\u00eat\u00e9 de 2013, il impose notamment de nouvelles plages horaires pour l\u2019extinction des \u00e9clairages ainsi que de nouvelles normes techniques et un volet de contr\u00f4le.<\/p>\n<p><strong>Calendrier (Article 8)<\/strong><\/p>\n<p><strong>28 d\u00e9cembre 2018 <\/strong>: application concernant les \u00e9clairages des b\u00e2timents non r\u00e9sidentiels, les \u00e9clairages int\u00e9rieurs de locaux \u00e0 usage professionnel, l\u2019\u00e9clairage de vitrines de commerces ou d\u2019expositions.<\/p>\n<p><strong>1er janvier 2019 <\/strong>: interdiction des canons de lumi\u00e8res, rayons laser dans les espaces naturels prot\u00e9g\u00e9s.<\/p>\n<p><strong>1er janvier 2020 <\/strong>: tous les nouveaux \u00e9clairages qui seront install\u00e9s et tous les parcs d\u2019\u00e9clairages qui seront renouvel\u00e9s devront prendre en compte ces nouvelles obligations.<\/p>\n<p><strong>1er janvier 2021 <\/strong>: application aux autres types d\u2019installations lorsqu\u2019elles ne requi\u00e8rent pas la cr\u00e9ation d\u2019un r\u00e9seau d\u2019alimentation s\u00e9par\u00e9.<\/p>\n<p><strong>1er janvier 2025 <\/strong>: les luminaires dont la proportion de lumi\u00e8re est sup\u00e9rieure \u00e0 50% au-dessus de l\u2019horizontale (luminaires boules, cubes, squadras\u2026) devront \u00eatre supprim\u00e9s.<\/p>\n<p>Dans ce contexte le conseil municipal a vot\u00e9 lors de sa s\u00e9ance ordinaire du 28 Mars 2019 par dix voix pour, six voix contre et une abstention, l\u2019extinction de l\u2019ensemble de l\u2019\u00e9clairage public sur le territoire communal une partie de la nuit. Cette solution pourrait permettre une \u00e9conomie financi\u00e8re annuelle avoisinant 3000 \u20ac.<\/p>\n<p>Il a \u00e9t\u00e9 d\u00e9cid\u00e9 de permettre aux habitants de choisir le cr\u00e9neau horaire qui leur semble le plus favorable avant que je ne signe l\u2019arr\u00eat\u00e9 permettant de r\u00e9aliser cette coupure. Je vous propose plusieurs cr\u00e9neaux horaires, un seul choix et une seule r\u00e9ponse par personne est possible.<\/p>\n<p>Je vous demande donc de retourner, avant le 31 Ao\u00fbt 2019 si vous souhaitez r\u00e9pondre, le coupon joint par tout moyen \u00e0 votre convenance (remise en main propre \u00e0 Mr Brun ou Mr Gaillard, d\u00e9p\u00f4t dans une boite \u00e0 lettre de la Mairie de Fontanes ou de Naussac, envoi par courrier\u2026).<\/p>\n<p>Recevez, Madame, Monsieur, l\u2019expression de mes sentiments d\u00e9vou\u00e9s.<\/p>\n<p><strong>Le Maire<\/strong><\/p>\n<p><strong>Jean-Louis BRUN<\/strong><\/p>\n<p><img loading=\"lazy\" decoding=\"async\" class=\"alignnone size-medium wp-image-1252\" src=\"http:\/\/naussacfontanes.fr\/wp-content\/uploads\/2019\/07\/Enqu\u00eate-Sign\u00e9e-001-1-212x300.jpg\" alt=\"\" width=\"212\" height=\"300\" srcset=\"https:\/\/naussacfontanes.fr\/wp-content\/uploads\/2019\/07\/Enqu\u00eate-Sign\u00e9e-001-1-212x300.jpg 212w, https:\/\/naussacfontanes.fr\/wp-content\/uploads\/2019\/07\/Enqu\u00eate-Sign\u00e9e-001-1-768x1086.jpg 768w, https:\/\/naussacfontanes.fr\/wp-content\/uploads\/2019\/07\/Enqu\u00eate-Sign\u00e9e-001-1-724x1024.jpg 724w\" sizes=\"(max-width: 212px) 100vw, 212px\" \/><\/p>\n","protected":false},"excerpt":{"rendered":"<p>Extinction de l\u2019\u00e9clairage public une partie de la nuit R\u00e9glementation \u00e9clairage public Arr\u00eat\u00e9 du minist\u00e9riel en date du 27 d\u00e9cembre 2018 Les programmes europ\u00e9ens incitent les collectivit\u00e9s \u00e0 ma\u00eetriser leurs consommations \u00e9nerg\u00e9tiques ainsi que l\u2019impact de leur activit\u00e9 sur la biodiversit\u00e9 et le ciel \u00e9toil\u00e9. C\u2019est dans ce contexte que le Minist\u00e8re de la Transition [&hellip;]<\/p>\n","protected":false},"author":2,"featured_media":0,"comment_status":"closed","ping_status":"open","sticky":false,"template":"","format":"standard","meta":{"footnotes":""},"categories":[20],"tags":[],"_links":{"self":[{"href":"https:\/\/naussacfontanes.fr\/index.php\/wp-json\/wp\/v2\/posts\/1251"}],"collection":[{"href":"https:\/\/naussacfontanes.fr\/index.php\/wp-json\/wp\/v2\/posts"}],"about":[{"href":"https:\/\/naussacfontanes.fr\/index.php\/wp-json\/wp\/v2\/types\/post"}],"author":[{"embeddable":true,"href":"https:\/\/naussacfontanes.fr\/index.php\/wp-json\/wp\/v2\/users\/2"}],"replies":[{"embeddable":true,"href":"https:\/\/naussacfontanes.fr\/index.php\/wp-json\/wp\/v2\/comments?post=1251"}],"version-history":[{"count":2,"href":"https:\/\/naussacfontanes.fr\/index.php\/wp-json\/wp\/v2\/posts\/1251\/revisions"}],"predecessor-version":[{"id":1254,"href":"https:\/\/naussacfontanes.fr\/index.php\/wp-json\/wp\/v2\/posts\/1251\/revisions\/1254"}],"wp:attachment":[{"href":"https:\/\/naussacfontanes.fr\/index.php\/wp-json\/wp\/v2\/media?parent=1251"}],"wp:term":[{"taxonomy":"category","embeddable":true,"href":"https:\/\/naussacfontanes.fr\/index.php\/wp-json\/wp\/v2\/categories?post=1251"},{"taxonomy":"post_tag","embeddable":true,"href":"https:\/\/naussacfontanes.fr\/index.php\/wp-json\/wp\/v2\/tags?post=1251"}],"curies":[{"name":"wp","href":"https:\/\/api.w.org\/{rel}","templated":true}]}}